{"id":27364,"date":"2022-12-05T14:36:29","date_gmt":"2022-12-05T14:36:29","guid":{"rendered":"http:\/\/panoramahoy.com\/?p=27364"},"modified":"2023-04-27T16:14:55","modified_gmt":"2023-04-27T19:14:55","slug":"grandes-artistias-de-la-musica-se-presentaron-en-merlo","status":"publish","type":"post","link":"https:\/\/pasionenascenso.com\/index.php\/2022\/12\/05\/grandes-artistias-de-la-musica-se-presentaron-en-merlo\/","title":{"rendered":"GRANDES ARTISTIAS DE LA M\u00daSICA SE PRESENTARON EN MERLO"},"content":{"rendered":"\n<p>Cientos de personas vivenciaron la ya conocida <strong>\u201cFeria del Encuentro Cultural\u201d<\/strong> donde artistas como <strong>Rodrigo Tapari, Ecko y El \u201cChango\u201d Spasiuk<\/strong> encendieron a todos los que se acercaron a las inmediaciones del Campo de Pato, ubicado en <strong>Libertad<\/strong>.&nbsp;<\/p>\n\n\n\n<p>Bajo un viernes, s\u00e1bado y domingo con un clima ideal para pasar buenos momentos en familia y al aire libre, la comunidad merlense y de cercan\u00edas, dijeron presente en la jornada gratuita que le d\u00e1 la posibilidad a todos de vivenciar shows musicales de primer nivel en un ambiente seguro y familiar.&nbsp;<\/p>\n\n\n\n<figure class=\"wp-block-image size-large\"><img loading=\"lazy\" decoding=\"async\" width=\"1024\" height=\"683\" src=\"https:\/\/pasionenascenso.com\/wp-content\/uploads\/2022\/12\/Feria-del-Encuentro-Tapari-Ecko-Spasiuk-Leguizamon-3-1024x683.jpg\" alt=\"\" class=\"wp-image-27366\" srcset=\"https:\/\/pasionenascenso.com\/wp-content\/uploads\/2022\/12\/Feria-del-Encuentro-Tapari-Ecko-Spasiuk-Leguizamon-3-1024x683.jpg 1024w, https:\/\/pasionenascenso.com\/wp-content\/uploads\/2022\/12\/Feria-del-Encuentro-Tapari-Ecko-Spasiuk-Leguizamon-3-300x200.jpg 300w, https:\/\/pasionenascenso.com\/wp-content\/uploads\/2022\/12\/Feria-del-Encuentro-Tapari-Ecko-Spasiuk-Leguizamon-3-768x512.jpg 768w, https:\/\/pasionenascenso.com\/wp-content\/uploads\/2022\/12\/Feria-del-Encuentro-Tapari-Ecko-Spasiuk-Leguizamon-3-696x464.jpg 696w, https:\/\/pasionenascenso.com\/wp-content\/uploads\/2022\/12\/Feria-del-Encuentro-Tapari-Ecko-Spasiuk-Leguizamon-3-1068x712.jpg 1068w, https:\/\/pasionenascenso.com\/wp-content\/uploads\/2022\/12\/Feria-del-Encuentro-Tapari-Ecko-Spasiuk-Leguizamon-3.jpg 1200w\" sizes=\"auto, (max-width: 1024px) 100vw, 1024px\" \/><\/figure>\n\n\n\n<p>Cabe mencionar tambi\u00e9n que el gran evento, realizado en la localidad de Libertad, cont\u00f3 tambi\u00e9n con espect\u00e1culos de artistas locales, feria de artesanos, patio gastron\u00f3mico y juegos y atracciones para los m\u00e1s chicos.<\/p>\n\n\n\n<p>El d\u00eda viernes, la m\u00fasica tropical cop\u00f3 la escena de la mano de <strong>Rodrigo Tapari<\/strong>, quien regres\u00f3 a Merlo para hacer sacudir los pies a todos los que se acercaron a las cercan\u00edas del <strong>Parque de La Unidad Nacional<\/strong> para corear sus grandes \u00e9xitos y festejar la victoria de Argentina ante Australia. Plan insuperable para arrancar el fin de semana.&nbsp;<\/p>\n\n\n\n<p>Bajo esta mirada, el cantante habl\u00f3 despu\u00e9s del show: <em>\u201cLa gente de Merlo es incre\u00edble, volvimos a vivir una noche magn\u00edfica y es un placer estar en este municipio\u201d.<\/em><\/p>\n\n\n\n<figure class=\"wp-block-image size-large\"><img decoding=\"async\" src=\"http:\/\/panoramahoy.com\/wp-content\/uploads\/2022\/12\/DSC08061-1024x683.jpg\" alt=\"\" class=\"wp-image-27369\"\/><\/figure>\n\n\n\n<p>El d\u00eda s\u00e1bado, los m\u00e1s j\u00f3venes se adue\u00f1aron de las vallas del escenario para recibir de forma calurosa al freestyler argentino, <strong>Ecko<\/strong>, quien cautiv\u00f3 a todo aquel que pas\u00f3 por la feria. Con banda en vivo y una performance derivada de las grandes ligas, el oriundo de Villa Luzuriaga volvi\u00f3 a enamorar al p\u00fablico merlense.&nbsp;<\/p>\n\n\n\n<p>Del mismo modo, coment\u00f3: \u201cMerlo es como mi segunda casa, estoy muy agradecido con la gente que me viene a apoyar\u201d.&nbsp;<\/p>\n\n\n\n<figure class=\"wp-block-image size-large\"><img loading=\"lazy\" decoding=\"async\" width=\"1024\" height=\"683\" src=\"https:\/\/pasionenascenso.com\/wp-content\/uploads\/2022\/12\/Feria-del-Encuentro-Tapari-Ecko-Spasiuk-Leguizamon-5-1024x683.jpg\" alt=\"\" class=\"wp-image-27367\" srcset=\"https:\/\/pasionenascenso.com\/wp-content\/uploads\/2022\/12\/Feria-del-Encuentro-Tapari-Ecko-Spasiuk-Leguizamon-5-1024x683.jpg 1024w, https:\/\/pasionenascenso.com\/wp-content\/uploads\/2022\/12\/Feria-del-Encuentro-Tapari-Ecko-Spasiuk-Leguizamon-5-300x200.jpg 300w, https:\/\/pasionenascenso.com\/wp-content\/uploads\/2022\/12\/Feria-del-Encuentro-Tapari-Ecko-Spasiuk-Leguizamon-5-768x512.jpg 768w, https:\/\/pasionenascenso.com\/wp-content\/uploads\/2022\/12\/Feria-del-Encuentro-Tapari-Ecko-Spasiuk-Leguizamon-5-696x464.jpg 696w, https:\/\/pasionenascenso.com\/wp-content\/uploads\/2022\/12\/Feria-del-Encuentro-Tapari-Ecko-Spasiuk-Leguizamon-5-1068x712.jpg 1068w, https:\/\/pasionenascenso.com\/wp-content\/uploads\/2022\/12\/Feria-del-Encuentro-Tapari-Ecko-Spasiuk-Leguizamon-5.jpg 1200w\" sizes=\"auto, (max-width: 1024px) 100vw, 1024px\" \/><\/figure>\n\n\n\n<p>Por \u00faltimo, pero no menos importante, el folklore \u201cdom\u00f3\u201d la jornada de domingo bajo el acorde\u00f3n y la voz del reconocido <strong>\u201cChango\u201d Spaciuk<\/strong>. \u201cMe pone contento que estos espacios existan en el pa\u00eds y que sean gratuitos para toda la comunidad\u201d.<\/p>\n\n\n\n<figure class=\"wp-block-image size-large\"><img loading=\"lazy\" decoding=\"async\" width=\"1024\" height=\"683\" src=\"https:\/\/pasionenascenso.com\/wp-content\/uploads\/2022\/12\/Feria-del-Encuentro-Tapari-Ecko-Spasiuk-Leguizamon-7-1024x683.jpg\" alt=\"\" class=\"wp-image-27368\" srcset=\"https:\/\/pasionenascenso.com\/wp-content\/uploads\/2022\/12\/Feria-del-Encuentro-Tapari-Ecko-Spasiuk-Leguizamon-7-1024x683.jpg 1024w, https:\/\/pasionenascenso.com\/wp-content\/uploads\/2022\/12\/Feria-del-Encuentro-Tapari-Ecko-Spasiuk-Leguizamon-7-300x200.jpg 300w, https:\/\/pasionenascenso.com\/wp-content\/uploads\/2022\/12\/Feria-del-Encuentro-Tapari-Ecko-Spasiuk-Leguizamon-7-768x512.jpg 768w, https:\/\/pasionenascenso.com\/wp-content\/uploads\/2022\/12\/Feria-del-Encuentro-Tapari-Ecko-Spasiuk-Leguizamon-7-696x464.jpg 696w, https:\/\/pasionenascenso.com\/wp-content\/uploads\/2022\/12\/Feria-del-Encuentro-Tapari-Ecko-Spasiuk-Leguizamon-7-1068x712.jpg 1068w, https:\/\/pasionenascenso.com\/wp-content\/uploads\/2022\/12\/Feria-del-Encuentro-Tapari-Ecko-Spasiuk-Leguizamon-7.jpg 1200w\" sizes=\"auto, (max-width: 1024px) 100vw, 1024px\" \/><\/figure>\n\n\n\n<figure class=\"wp-block-image size-large\"><img loading=\"lazy\" decoding=\"async\" width=\"1024\" height=\"683\" src=\"https:\/\/pasionenascenso.com\/wp-content\/uploads\/2022\/12\/Feria-del-Encuentro-Tapari-Ecko-Spasiuk-Leguizamon-2-1024x683.jpg\" alt=\"\" class=\"wp-image-27365\" srcset=\"https:\/\/pasionenascenso.com\/wp-content\/uploads\/2022\/12\/Feria-del-Encuentro-Tapari-Ecko-Spasiuk-Leguizamon-2-1024x683.jpg 1024w, https:\/\/pasionenascenso.com\/wp-content\/uploads\/2022\/12\/Feria-del-Encuentro-Tapari-Ecko-Spasiuk-Leguizamon-2-300x200.jpg 300w, https:\/\/pasionenascenso.com\/wp-content\/uploads\/2022\/12\/Feria-del-Encuentro-Tapari-Ecko-Spasiuk-Leguizamon-2-768x512.jpg 768w, https:\/\/pasionenascenso.com\/wp-content\/uploads\/2022\/12\/Feria-del-Encuentro-Tapari-Ecko-Spasiuk-Leguizamon-2-696x464.jpg 696w, https:\/\/pasionenascenso.com\/wp-content\/uploads\/2022\/12\/Feria-del-Encuentro-Tapari-Ecko-Spasiuk-Leguizamon-2-1068x712.jpg 1068w, https:\/\/pasionenascenso.com\/wp-content\/uploads\/2022\/12\/Feria-del-Encuentro-Tapari-Ecko-Spasiuk-Leguizamon-2.jpg 1200w\" sizes=\"auto, (max-width: 1024px) 100vw, 1024px\" \/><figcaption class=\"wp-element-caption\">Los emprendedores en la feria del encuentro<\/figcaption><\/figure>\n","protected":false},"excerpt":{"rendered":"<p>Cientos de personas vivenciaron la ya conocida \u201cFeria del Encuentro Cultural\u201d donde artistas como Rodrigo Tapari, Ecko y El \u201cChango\u201d Spasiuk encendieron a todos los que se acercaron a las inmediaciones del Campo de Pato, ubicado en Libertad.&nbsp; Bajo un viernes, s\u00e1bado y domingo con un clima ideal para pasar buenos momentos en familia y [&hellip;]<\/p>\n","protected":false},"author":1,"featured_media":27370,"comment_status":"open","ping_status":"open","sticky":false,"template":"","format":"standard","meta":{"tdm_status":"","tdm_grid_status":"","footnotes":""},"categories":[71,74,76,78,79],"tags":[68,69,70,72,73,75,77,80,81,82],"class_list":{"0":"post-27364","1":"post","2":"type-post","3":"status-publish","4":"format-standard","5":"has-post-thumbnail","7":"category-espectaculos","8":"category-libertad","9":"category-merlo","10":"category-municipios","11":"category-musica","12":"tag-cancha-de-patos","13":"tag-chango-spaciuk","14":"tag-ecko","15":"tag-feria-del-encuentro-cultural","16":"tag-folklore-en-merlo-de-la-mano-del-chango-spaciuk","17":"tag-libertad","18":"tag-merlo","19":"tag-rodrigo-tapari","20":"tag-show-de-ecko-en-merlo","21":"tag-show-de-rodrigo-tapari"},"aioseo_notices":[],"jetpack_featured_media_url":"https:\/\/pasionenascenso.com\/wp-content\/uploads\/2022\/12\/DSC08038-scaled-1.jpg","_links":{"self":[{"href":"https:\/\/pasionenascenso.com\/index.php\/wp-json\/wp\/v2\/posts\/27364","targetHints":{"allow":["GET"]}}],"collection":[{"href":"https:\/\/pasionenascenso.com\/index.php\/wp-json\/wp\/v2\/posts"}],"about":[{"href":"https:\/\/pasionenascenso.com\/index.php\/wp-json\/wp\/v2\/types\/post"}],"author":[{"embeddable":true,"href":"https:\/\/pasionenascenso.com\/index.php\/wp-json\/wp\/v2\/users\/1"}],"replies":[{"embeddable":true,"href":"https:\/\/pasionenascenso.com\/index.php\/wp-json\/wp\/v2\/comments?post=27364"}],"version-history":[{"count":1,"href":"https:\/\/pasionenascenso.com\/index.php\/wp-json\/wp\/v2\/posts\/27364\/revisions"}],"predecessor-version":[{"id":28940,"href":"https:\/\/pasionenascenso.com\/index.php\/wp-json\/wp\/v2\/posts\/27364\/revisions\/28940"}],"wp:featuredmedia":[{"embeddable":true,"href":"https:\/\/pasionenascenso.com\/index.php\/wp-json\/wp\/v2\/media\/27370"}],"wp:attachment":[{"href":"https:\/\/pasionenascenso.com\/index.php\/wp-json\/wp\/v2\/media?parent=27364"}],"wp:term":[{"taxonomy":"category","embeddable":true,"href":"https:\/\/pasionenascenso.com\/index.php\/wp-json\/wp\/v2\/categories?post=27364"},{"taxonomy":"post_tag","embeddable":true,"href":"https:\/\/pasionenascenso.com\/index.php\/wp-json\/wp\/v2\/tags?post=27364"}],"curies":[{"name":"wp","href":"https:\/\/api.w.org\/{rel}","templated":true}]}}