{"id":28617,"date":"2023-04-13T14:46:55","date_gmt":"2023-04-13T14:46:55","guid":{"rendered":"http:\/\/panoramahoy.com\/?p=28617"},"modified":"2023-04-27T17:40:02","modified_gmt":"2023-04-27T20:40:02","slug":"jornada-de-programas-municipales-para-los-vecinos","status":"publish","type":"post","link":"https:\/\/pasionenascenso.com\/index.php\/2023\/04\/13\/jornada-de-programas-municipales-para-los-vecinos\/","title":{"rendered":"JORNADA DE PROGRAMAS MUNICIPALES PARA LOS VECINOS"},"content":{"rendered":"\n<p><strong>El municipio de Merlo realiz\u00f3&nbsp; este mi\u00e9rcoles en la localidad de Libertad, la primera jornada del a\u00f1o del programa \u201cestado en tu Barrio\u201d. El lugar cont\u00f3 con m\u00e1s de 56 stand de diversas especialidades municipales para asistir a los vecinos de la zona.<\/strong><\/p>\n\n\n\n<p>M\u00e1s de 8 mil personas participaron del evento de Barrio Nuevo y en el lugar estuvo presente la intendenta de Merlo, Karina Men\u00e9ndez<strong>&nbsp;<\/strong>junto al Titular del Programa, Victor Colombano y el coordinador Aldo D\u2019Andrea.<\/p>\n\n\n\n<p><em>\u201cNo siempre son los vecinos los que tienen que acercarse a una oficina del Estado o Municipal, sino que nosotros como Estado tenemos que acercarnos directamente al barrio\u201d<\/em>, afirm\u00f3 la mandataria merlense.<\/p>\n\n\n\n<figure class=\"wp-block-image size-full\"><img loading=\"lazy\" decoding=\"async\" width=\"640\" height=\"427\" src=\"http:\/\/panoramahoy.com\/wp-content\/uploads\/2023\/04\/EL-ESTADO-EN-TU-BARRIO-MERLO-4.jpg\" alt=\"\" class=\"wp-image-28619\" srcset=\"https:\/\/pasionenascenso.com\/wp-content\/uploads\/2023\/04\/EL-ESTADO-EN-TU-BARRIO-MERLO-4.jpg 640w, https:\/\/pasionenascenso.com\/wp-content\/uploads\/2023\/04\/EL-ESTADO-EN-TU-BARRIO-MERLO-4-300x200.jpg 300w\" sizes=\"auto, (max-width: 640px) 100vw, 640px\" \/><\/figure>\n\n\n\n<p>Por otro lado, Aldo D\u2019Andrea tambi\u00e9n se animo a hablar y remarc\u00f3 \u201c<em>es fundamental el trabajo articulado que realizamos con el Municipio de Merlo para poder acercarle al vecino todos los servicios en un solo lugar\u201d. Adem\u00e1s, destac\u00f3 que \u201cestoy muy agradecido con Karina Men\u00e9ndez por poner a disposici\u00f3n todas las \u00e1reas del partido y hacer posible que esta jornada se desarrolle con \u00e9xito\u201d.<\/em><\/p>\n\n\n\n<p>Las personas que participaron fueron asesoradas en distintas \u00e1reas, como<strong>&nbsp;<\/strong>salud, Desarrollo Social, Delegaciones, Educaci\u00f3n y Deportes, Desarrollo Sustentable, entre otros.<\/p>\n\n\n\n<p>Tambi\u00e9n<strong>&nbsp;<\/strong>se brindaron capacitaciones, charlas, talleres, informaci\u00f3n sobre programas locales, inscripciones a cursos y becas, actividades culturales, l\u00fadicas y deportivas, espect\u00e1culos para ni\u00f1os.<\/p>\n\n\n\n<p>El objetivo del mismo es que los vecinos y vecinas puedan asesorarse y acceder a distintos derechos, servicios y prestaciones del Estado en un mismo lugar, de manera eficiente, r\u00e1pida y gratuita.<\/p>\n\n\n\n<figure class=\"wp-block-image size-full\"><img loading=\"lazy\" decoding=\"async\" width=\"640\" height=\"360\" src=\"http:\/\/panoramahoy.com\/wp-content\/uploads\/2023\/04\/EL-ESTADO-EN-TU-BARRIO-MERLO-10.jpg\" alt=\"\" class=\"wp-image-28620\" srcset=\"https:\/\/pasionenascenso.com\/wp-content\/uploads\/2023\/04\/EL-ESTADO-EN-TU-BARRIO-MERLO-10.jpg 640w, https:\/\/pasionenascenso.com\/wp-content\/uploads\/2023\/04\/EL-ESTADO-EN-TU-BARRIO-MERLO-10-300x169.jpg 300w\" sizes=\"auto, (max-width: 640px) 100vw, 640px\" \/><\/figure>\n","protected":false},"excerpt":{"rendered":"<p>El municipio de Merlo realiz\u00f3&nbsp; este mi\u00e9rcoles en la localidad de Libertad, la primera jornada del a\u00f1o del programa \u201cestado en tu Barrio\u201d. El lugar cont\u00f3 con m\u00e1s de 56 stand de diversas especialidades municipales para asistir a los vecinos de la zona. M\u00e1s de 8 mil personas participaron del evento de Barrio Nuevo y [&hellip;]<\/p>\n","protected":false},"author":1,"featured_media":28618,"comment_status":"open","ping_status":"open","sticky":false,"template":"","format":"standard","meta":{"tdm_status":"","tdm_grid_status":"","footnotes":""},"categories":[154,228,76,78,118],"tags":[807,808,75,809,810],"class_list":{"0":"post-28617","1":"post","2":"type-post","3":"status-publish","4":"format-standard","5":"has-post-thumbnail","7":"category-conurbano","8":"category-economia","9":"category-merlo","10":"category-municipios","11":"category-sociedad","12":"tag-aldo-dandrea","13":"tag-el-estado-en-tu-barrio","14":"tag-libertad","15":"tag-programas-municipales-de-merlo","16":"tag-victor-colombo"},"aioseo_notices":[],"jetpack_featured_media_url":"https:\/\/pasionenascenso.com\/wp-content\/uploads\/2023\/04\/DSC06727.jpg","_links":{"self":[{"href":"https:\/\/pasionenascenso.com\/index.php\/wp-json\/wp\/v2\/posts\/28617","targetHints":{"allow":["GET"]}}],"collection":[{"href":"https:\/\/pasionenascenso.com\/index.php\/wp-json\/wp\/v2\/posts"}],"about":[{"href":"https:\/\/pasionenascenso.com\/index.php\/wp-json\/wp\/v2\/types\/post"}],"author":[{"embeddable":true,"href":"https:\/\/pasionenascenso.com\/index.php\/wp-json\/wp\/v2\/users\/1"}],"replies":[{"embeddable":true,"href":"https:\/\/pasionenascenso.com\/index.php\/wp-json\/wp\/v2\/comments?post=28617"}],"version-history":[{"count":1,"href":"https:\/\/pasionenascenso.com\/index.php\/wp-json\/wp\/v2\/posts\/28617\/revisions"}],"predecessor-version":[{"id":29107,"href":"https:\/\/pasionenascenso.com\/index.php\/wp-json\/wp\/v2\/posts\/28617\/revisions\/29107"}],"wp:featuredmedia":[{"embeddable":true,"href":"https:\/\/pasionenascenso.com\/index.php\/wp-json\/wp\/v2\/media\/28618"}],"wp:attachment":[{"href":"https:\/\/pasionenascenso.com\/index.php\/wp-json\/wp\/v2\/media?parent=28617"}],"wp:term":[{"taxonomy":"category","embeddable":true,"href":"https:\/\/pasionenascenso.com\/index.php\/wp-json\/wp\/v2\/categories?post=28617"},{"taxonomy":"post_tag","embeddable":true,"href":"https:\/\/pasionenascenso.com\/index.php\/wp-json\/wp\/v2\/tags?post=28617"}],"curies":[{"name":"wp","href":"https:\/\/api.w.org\/{rel}","templated":true}]}}