{"id":28827,"date":"2023-04-26T13:22:23","date_gmt":"2023-04-26T13:22:23","guid":{"rendered":"http:\/\/panoramahoy.com\/?p=28827"},"modified":"2023-04-27T17:51:53","modified_gmt":"2023-04-27T20:51:53","slug":"se-inauguro-el-la-escuela-de-odontologos-en-merlo","status":"publish","type":"post","link":"https:\/\/pasionenascenso.com\/index.php\/2023\/04\/26\/se-inauguro-el-la-escuela-de-odontologos-en-merlo\/","title":{"rendered":"SE INAUGUR\u00d3 EL LA ESCUELA DE ODONT\u00d3LOGOS EN MERLO"},"content":{"rendered":"\n<p><strong><em>La Universidad Nacional del Oeste junto a la Intendenta Karina Men\u00e9ndez, Gustavo Men\u00e9ndez, y autoridades provinciales inauguraron este 24 de abril el hospital odontol\u00f3gico de Merlo ubicado en &nbsp;la calle Moreno N\u00b0 786 que servir\u00e1 para que los estudiantes puedan realizar pr\u00e1cticas de la carrera de odontolog\u00eda de la Escuela de Ciencias de la Salud a partir del a\u00f1o 2024.<\/em><\/strong><\/p>\n\n\n\n<p><strong>Gustavo Men\u00e9ndez<\/strong>, actual&nbsp; Presidente del Grupo Provincia, expreso &nbsp;\u201cFinalmente ese sue\u00f1o se transform\u00f3 en realidad\u201d y remarco \u201chay que tener en cuenta que es una carrera muy cara, por eso queremos invitarlos a que formen parte de esta Universidad y puedan cumplir ese sue\u00f1o\u201d.<\/p>\n\n\n\n<p>\u201cHace unos cuantos a\u00f1os atr\u00e1s so\u00f1\u00f3 con una universidad inclusiva, para hijas e hijos de los trabajadores y hoy lo estamos logrando, estamos dando esas carrera que nadie se imaginaba que iban a poder acceder para tener su futuro\u201d expreso la actual intendenta de Merlo haciendo referencia a las aspiraciones de su hermano.<\/p>\n\n\n\n<p>Entre las autoridades presentes se encontraba &nbsp;el &nbsp;<strong>Vicerrector de la universidad UNO, Gustavo Soos<\/strong>&nbsp;y dijo que \u201cEs trascendente tener la carrera de odontolog\u00eda en Merlo y con un edificio como este, con aparatolog\u00eda de \u00faltima generaci\u00f3n, es un privilegio para todos Merlenses\u00bb.<\/p>\n\n\n\n<figure class=\"wp-block-image size-full\"><img loading=\"lazy\" decoding=\"async\" width=\"696\" height=\"464\" src=\"https:\/\/pasionenascenso.com\/wp-content\/uploads\/2023\/04\/Hospital-Odontologico-Merlo-1.webp\" alt=\"\" class=\"wp-image-28829\" srcset=\"https:\/\/pasionenascenso.com\/wp-content\/uploads\/2023\/04\/Hospital-Odontologico-Merlo-1.webp 696w, https:\/\/pasionenascenso.com\/wp-content\/uploads\/2023\/04\/Hospital-Odontologico-Merlo-1-300x200.webp 300w\" sizes=\"auto, (max-width: 696px) 100vw, 696px\" \/><\/figure>\n\n\n\n<p>Tambi\u00e9n se hizo presente el&nbsp;<strong>Director Provincial de Salud Bucal, Alejandro D\u00e1vila<\/strong>&nbsp;y destaco \u201cEs muy importante para la provincia de Buenos Aires que se haya inaugurado este hospital escuela y que tengamos una carrera de odontolog\u00eda en el conurbano que es la primera que existe en la historia de la provincia, nos pone contentos porque pensamos que la formaci\u00f3n de los profesionales de la salud tiene que estar impregnados de la necesidad de nuestro pueblo\u201d.<\/p>\n\n\n\n<p>El edificio est\u00e1 compuesto por un total de 775 m2, cuenta con 3 plantas a las cuales se pude tener acceso mediante ascensor, cuenta con una sala cl\u00ednica equipada con 9 equipos odontol\u00f3gicos de \u00faltima tecnolog\u00eda que contiene dentro de la misma una sala de rayos x. En esta sala se podr\u00e1n atender a un estimado de 40 pacientes por turno de cursada.<\/p>\n\n\n\n<p>Adem\u00e1s contiene un Consultorio de admisi\u00f3n, recepci\u00f3n y derivaci\u00f3n&nbsp; de pacientes. Sumado a esto una Sala de Simulaci\u00f3n con 8 Equipos Odontol\u00f3gicos, cada uno con un simulador de cabeza, cuello y torso donde los alumnos de 2do a\u00f1o de la carrera comenzar\u00e1n sus pr\u00e1cticas simuladas.<\/p>\n\n\n\n<p>Cuenta con un consultorio exclusivo para la atenci\u00f3n de discapacitados con Equipo odontol\u00f3gico y Equipo de rayos X port\u00e1til para mayor comodidad del paciente. Tambi\u00e9n un laboratorio de materiales dentales equipado con maquinaria e Instrumental de \u00faltima tecnolog\u00eda separados por mesas de trabajo. Dentro del mismo hay 15 microscopios para el uso de distintas asignaturas e investigaci\u00f3n.<\/p>\n\n\n\n<p>El objetivo de la creaci\u00f3n del hospital odontol\u00f3gico &nbsp;es desarrollar una unidad acad\u00e9mico-asistencial destinada a la formaci\u00f3n y atenci\u00f3n odontol\u00f3gica de excelencia y al mismo tiempo brindar un servicio a la comunidad.<\/p>\n","protected":false},"excerpt":{"rendered":"<p>La Universidad Nacional del Oeste junto a la Intendenta Karina Men\u00e9ndez, Gustavo Men\u00e9ndez, y autoridades provinciales inauguraron este 24 de abril el hospital odontol\u00f3gico de Merlo ubicado en &nbsp;la calle Moreno N\u00b0 786 que servir\u00e1 para que los estudiantes puedan realizar pr\u00e1cticas de la carrera de odontolog\u00eda de la Escuela de Ciencias de la Salud [&hellip;]<\/p>\n","protected":false},"author":1,"featured_media":28828,"comment_status":"open","ping_status":"open","sticky":false,"template":"","format":"standard","meta":{"tdm_status":"","tdm_grid_status":"","footnotes":""},"categories":[123,76,129,102],"tags":[100,950,91,93,951,559],"class_list":{"0":"post-28827","1":"post","2":"type-post","3":"status-publish","4":"format-standard","5":"has-post-thumbnail","7":"category-educacion","8":"category-merlo","9":"category-salud","10":"category-san_antonio","11":"tag-gustavo-menendez","12":"tag-inauguracion","13":"tag-karina-menendez-2","14":"tag-municipio-de-merlo","15":"tag-nuevo-hospital-odontologico","16":"tag-roberto-jesus-gallo"},"aioseo_notices":[],"jetpack_featured_media_url":"https:\/\/pasionenascenso.com\/wp-content\/uploads\/2023\/04\/Hospital-Odontologico-Merlo-3.webp","_links":{"self":[{"href":"https:\/\/pasionenascenso.com\/index.php\/wp-json\/wp\/v2\/posts\/28827","targetHints":{"allow":["GET"]}}],"collection":[{"href":"https:\/\/pasionenascenso.com\/index.php\/wp-json\/wp\/v2\/posts"}],"about":[{"href":"https:\/\/pasionenascenso.com\/index.php\/wp-json\/wp\/v2\/types\/post"}],"author":[{"embeddable":true,"href":"https:\/\/pasionenascenso.com\/index.php\/wp-json\/wp\/v2\/users\/1"}],"replies":[{"embeddable":true,"href":"https:\/\/pasionenascenso.com\/index.php\/wp-json\/wp\/v2\/comments?post=28827"}],"version-history":[{"count":1,"href":"https:\/\/pasionenascenso.com\/index.php\/wp-json\/wp\/v2\/posts\/28827\/revisions"}],"predecessor-version":[{"id":29142,"href":"https:\/\/pasionenascenso.com\/index.php\/wp-json\/wp\/v2\/posts\/28827\/revisions\/29142"}],"wp:featuredmedia":[{"embeddable":true,"href":"https:\/\/pasionenascenso.com\/index.php\/wp-json\/wp\/v2\/media\/28828"}],"wp:attachment":[{"href":"https:\/\/pasionenascenso.com\/index.php\/wp-json\/wp\/v2\/media?parent=28827"}],"wp:term":[{"taxonomy":"category","embeddable":true,"href":"https:\/\/pasionenascenso.com\/index.php\/wp-json\/wp\/v2\/categories?post=28827"},{"taxonomy":"post_tag","embeddable":true,"href":"https:\/\/pasionenascenso.com\/index.php\/wp-json\/wp\/v2\/tags?post=28827"}],"curies":[{"name":"wp","href":"https:\/\/api.w.org\/{rel}","templated":true}]}}