{"id":28910,"date":"2023-04-17T16:37:30","date_gmt":"2023-04-17T16:37:30","guid":{"rendered":"http:\/\/panoramahoy.com\/?p=28672"},"modified":"2023-04-27T17:48:14","modified_gmt":"2023-04-27T20:48:14","slug":"ardio-el-clasico-de-avellaneda-con-un-empate-y-polemica","status":"publish","type":"post","link":"https:\/\/pasionenascenso.com\/index.php\/2023\/04\/17\/ardio-el-clasico-de-avellaneda-con-un-empate-y-polemica\/","title":{"rendered":"ARDI\u00d3 EL CL\u00c1SICO DE AVELLANEDA CON UN EMPATE Y POL\u00c9MICA"},"content":{"rendered":"\n<p>El cl\u00e1sico de Avellaneda termin\u00f3 1 a 1 y en el estreno de <strong>Ricardo Zielinski<\/strong> el &#8220;Rojo&#8221; sac\u00f3 ventaja con un gol de Mart\u00edn Cauteruccio (19m PT), pero <strong>Mat\u00edas Rojas<\/strong> de penal (38m PT) se lo empat\u00f3 para la Academia. <\/p>\n\n\n\n<p>Independiente, que cont\u00f3 con el debut del entrenador Ricardo Zielinski, y Racing Cub igualaron 1-1 en el marco del cl\u00e1sico de Avellaneda jugado esta tarde en el estadio <strong>Ricardo Bochini<\/strong> y v\u00e1lido por la duod\u00e9cima jornada de la Liga Profesional de F\u00fatbol. <\/p>\n\n\n\n<p>El delantero <strong>Mart\u00edn Cauteruccio<\/strong> abri\u00f3 el marcador para el &#8220;Rojo&#8221;, mientras que para la &#8220;Academia&#8221; igual\u00f3, de tiro penal, el paraguayo <strong>Mat\u00edas Rojas<\/strong>, a los 19 y 38 minutos de la primera etapa, respectivamente.<\/p>\n\n\n\n<figure class=\"wp-block-image size-full\"><img decoding=\"async\" src=\"http:\/\/panoramahoy.com\/wp-content\/uploads\/2023\/04\/Captura-de-pantalla-2023-04-17-133617.png\" alt=\"\" class=\"wp-image-28674\"\/><figcaption class=\"wp-element-caption\">Debut del Ruso Zielinski como DT del Rojo<\/figcaption><\/figure>\n\n\n\n<p>La pol\u00e9mica de la tarde del cl\u00e1sico involucr\u00f3 al \u00e1rbitro, <strong>Yael Falc\u00f3n P\u00e9rez<\/strong>, que sancion\u00f3 el penal en una jugada que comienza afuera del \u00e1rea y termina adentro. La sujeci\u00f3n del defensor del Rojo, hizo que el referee tomar\u00e1 la decisi\u00f3n de cobrar la pena m\u00e1xima. El VAR no hizo que fuera a ver la jugada al monitor. <\/p>\n\n\n\n<p>El empate dej\u00f3 a Independiente en la 24ta. posici\u00f3n con 10 unidades, mientras que Racing qued\u00f3 en el noveno lugar con 18 puntos.<\/p>\n\n\n\n<p>El partido comenz\u00f3 siendo parejo con los nervios t\u00edpicos de un cl\u00e1sico y con ninguno de los dos equipos como claro dominador del juego. <\/p>\n\n\n\n<p>En la pr\u00f3xima jornada (13era.) Racing Club recibir\u00e1 a Atl\u00e9tico Tucum\u00e1n en el Cilindro de Avellaneda, mientras que Independiente visitar\u00e1 a River Plate en el estadio Monumental. <\/p>\n","protected":false},"excerpt":{"rendered":"<p>El cl\u00e1sico de Avellaneda termin\u00f3 1 a 1 y en el estreno de Ricardo Zielinski el &#8220;Rojo&#8221; sac\u00f3 ventaja con un gol de Mart\u00edn Cauteruccio (19m PT), pero Mat\u00edas Rojas de penal (38m PT) se lo empat\u00f3 para la Academia. Independiente, que cont\u00f3 con el debut del entrenador Ricardo Zielinski, y Racing Cub igualaron 1-1 [&hellip;]<\/p>\n","protected":false},"author":1,"featured_media":28687,"comment_status":"open","ping_status":"open","sticky":false,"template":"","format":"standard","meta":{"tdm_status":"","tdm_grid_status":"","footnotes":""},"categories":[48,71,60],"tags":[847,848,794,531],"class_list":{"0":"post-28910","1":"post","2":"type-post","3":"status-publish","4":"format-standard","5":"has-post-thumbnail","7":"category-deportes","8":"category-espectaculos","9":"category-nacionales","10":"tag-clasico-de-avellaneda","11":"tag-empate-de-independiente-y-racing","12":"tag-independiente","13":"tag-racing-de-avellaneda"},"aioseo_notices":[],"jetpack_featured_media_url":"https:\/\/pasionenascenso.com\/wp-content\/uploads\/2023\/04\/Captura-de-pantalla-2023-04-17-133637.png","_links":{"self":[{"href":"https:\/\/pasionenascenso.com\/index.php\/wp-json\/wp\/v2\/posts\/28910","targetHints":{"allow":["GET"]}}],"collection":[{"href":"https:\/\/pasionenascenso.com\/index.php\/wp-json\/wp\/v2\/posts"}],"about":[{"href":"https:\/\/pasionenascenso.com\/index.php\/wp-json\/wp\/v2\/types\/post"}],"author":[{"embeddable":true,"href":"https:\/\/pasionenascenso.com\/index.php\/wp-json\/wp\/v2\/users\/1"}],"replies":[{"embeddable":true,"href":"https:\/\/pasionenascenso.com\/index.php\/wp-json\/wp\/v2\/comments?post=28910"}],"version-history":[{"count":1,"href":"https:\/\/pasionenascenso.com\/index.php\/wp-json\/wp\/v2\/posts\/28910\/revisions"}],"predecessor-version":[{"id":29132,"href":"https:\/\/pasionenascenso.com\/index.php\/wp-json\/wp\/v2\/posts\/28910\/revisions\/29132"}],"wp:featuredmedia":[{"embeddable":true,"href":"https:\/\/pasionenascenso.com\/index.php\/wp-json\/wp\/v2\/media\/28687"}],"wp:attachment":[{"href":"https:\/\/pasionenascenso.com\/index.php\/wp-json\/wp\/v2\/media?parent=28910"}],"wp:term":[{"taxonomy":"category","embeddable":true,"href":"https:\/\/pasionenascenso.com\/index.php\/wp-json\/wp\/v2\/categories?post=28910"},{"taxonomy":"post_tag","embeddable":true,"href":"https:\/\/pasionenascenso.com\/index.php\/wp-json\/wp\/v2\/tags?post=28910"}],"curies":[{"name":"wp","href":"https:\/\/api.w.org\/{rel}","templated":true}]}}