{"id":28933,"date":"2023-04-21T18:25:05","date_gmt":"2023-04-21T18:25:05","guid":{"rendered":"http:\/\/panoramahoy.com\/?p=28792"},"modified":"2023-04-27T17:53:50","modified_gmt":"2023-04-27T20:53:50","slug":"alberto-fernandez-no-se-estara-en-la-reelecion-presidencial","status":"publish","type":"post","link":"https:\/\/pasionenascenso.com\/index.php\/2023\/04\/21\/alberto-fernandez-no-se-estara-en-la-reelecion-presidencial\/","title":{"rendered":"ALBERTO FERN\u00c1NDEZ NO SE ESTAR\u00c1 EN LA REELECI\u00d3N PRESIDENCIAL"},"content":{"rendered":"\n<p><strong>El anunci\u00f3 titulado por el presidente como \u201cMi decisi\u00f3n\u201d, comunic\u00f3 que abandonar\u00e1 la oportunidad de que la gente opte por \u00e9l en las pr\u00f3ximas elecciones.<\/strong><\/p>\n\n\n\n<p><strong>Bajo un video de m\u00e1s de 7 minutos<\/strong>, donde el gobernante contextualiz\u00f3 cada una de sus palabras a trav\u00e9s de im\u00e1genes que van desde su \u00e9poca como jefe de Gabinete, su relaci\u00f3n con&nbsp;<strong>Nestor Kirchner<\/strong>&nbsp;y las problem\u00e1ticas que surgieron en su mandato, Alberto notific\u00f3&nbsp;<strong>su renuncia a una reelecci\u00f3n presidencial<\/strong>.<\/p>\n\n\n\n<p>&nbsp;\u201c<em>El pr\u00f3ximo 10 de diciembre de 2023 es el d\u00eda exacto que cumplamos 40 a\u00f1os de democracia.&nbsp;<mark><strong>Ese d\u00eda entregar\u00e9 la banda presidencial a quien haya sido elegido leg\u00edtimamente en las urnas por el voto popular\u201d, es la frase que eligi\u00f3 Alberto para trasmitir su \u201cdecisi\u00f3n<\/strong><\/mark><\/em><mark><strong>\u201d.<\/strong><\/mark><\/p>\n\n\n\n<figure class=\"wp-block-embed is-type-rich is-provider-twitter wp-block-embed-twitter\"><div class=\"wp-block-embed__wrapper\">\n<blockquote class=\"twitter-tweet\" data-width=\"550\" data-dnt=\"true\"><p lang=\"es\" dir=\"ltr\">Mi decisi\u00f3n \ud83c\udde6\ud83c\uddf7 <a href=\"https:\/\/t.co\/EEQBJaxDUz\">pic.twitter.com\/EEQBJaxDUz<\/a><\/p>&mdash; Alberto Fern\u00e1ndez (@alferdez) <a href=\"https:\/\/twitter.com\/alferdez\/status\/1649395866820542464?ref_src=twsrc%5Etfw\">April 21, 2023<\/a><\/blockquote><script async src=\"https:\/\/platform.twitter.com\/widgets.js\" charset=\"utf-8\"><\/script>\n<\/div><\/figure>\n\n\n\n<p>Hace tiempo el kirchnerismo demandaba por esta acci\u00f3n con el objetivo de que&nbsp;<strong>Cristina Kirchner<\/strong>&nbsp;pueda armar una estrategia electoral. Desde la interna ya surgieron rumores sobre el pr\u00f3ximo candidato a la banda presidencial y uno de los dirigentes del&nbsp;<strong>Partido Justicialista<\/strong>,&nbsp;<strong>Wado De Pedro<\/strong>&nbsp;sostuvo que la renuncia de Alberto Fern\u00e1ndez \u201c<em>es un paso necesario para ordenar el PJ<\/em>\u201d. &nbsp;<\/p>\n\n\n\n<p><\/p>\n","protected":false},"excerpt":{"rendered":"<p>El anunci\u00f3 titulado por el presidente como \u201cMi decisi\u00f3n\u201d, comunic\u00f3 que abandonar\u00e1 la oportunidad de que la gente opte por \u00e9l en las pr\u00f3ximas elecciones. Bajo un video de m\u00e1s de 7 minutos, donde el gobernante contextualiz\u00f3 cada una de sus palabras a trav\u00e9s de im\u00e1genes que van desde su \u00e9poca como jefe de Gabinete, [&hellip;]<\/p>\n","protected":false},"author":1,"featured_media":28803,"comment_status":"open","ping_status":"open","sticky":false,"template":"","format":"standard","meta":{"tdm_status":"","tdm_grid_status":"","footnotes":""},"categories":[44,60,177],"tags":[43,478,932,933,934,514],"class_list":{"0":"post-28933","1":"post","2":"type-post","3":"status-publish","4":"format-standard","5":"has-post-thumbnail","7":"category-argentina","8":"category-nacionales","9":"category-politica","10":"tag-argentina","11":"tag-doctor-alberto-fernandez","12":"tag-mi-decision","13":"tag-nacional","14":"tag-no-habra-reeleccion-de-alberto-fernandez","15":"tag-politica-2"},"aioseo_notices":[],"jetpack_featured_media_url":"https:\/\/pasionenascenso.com\/wp-content\/uploads\/2023\/04\/Captura-de-pantalla-2023-04-21-115411-e1682088897277.webp","_links":{"self":[{"href":"https:\/\/pasionenascenso.com\/index.php\/wp-json\/wp\/v2\/posts\/28933","targetHints":{"allow":["GET"]}}],"collection":[{"href":"https:\/\/pasionenascenso.com\/index.php\/wp-json\/wp\/v2\/posts"}],"about":[{"href":"https:\/\/pasionenascenso.com\/index.php\/wp-json\/wp\/v2\/types\/post"}],"author":[{"embeddable":true,"href":"https:\/\/pasionenascenso.com\/index.php\/wp-json\/wp\/v2\/users\/1"}],"replies":[{"embeddable":true,"href":"https:\/\/pasionenascenso.com\/index.php\/wp-json\/wp\/v2\/comments?post=28933"}],"version-history":[{"count":1,"href":"https:\/\/pasionenascenso.com\/index.php\/wp-json\/wp\/v2\/posts\/28933\/revisions"}],"predecessor-version":[{"id":29149,"href":"https:\/\/pasionenascenso.com\/index.php\/wp-json\/wp\/v2\/posts\/28933\/revisions\/29149"}],"wp:featuredmedia":[{"embeddable":true,"href":"https:\/\/pasionenascenso.com\/index.php\/wp-json\/wp\/v2\/media\/28803"}],"wp:attachment":[{"href":"https:\/\/pasionenascenso.com\/index.php\/wp-json\/wp\/v2\/media?parent=28933"}],"wp:term":[{"taxonomy":"category","embeddable":true,"href":"https:\/\/pasionenascenso.com\/index.php\/wp-json\/wp\/v2\/categories?post=28933"},{"taxonomy":"post_tag","embeddable":true,"href":"https:\/\/pasionenascenso.com\/index.php\/wp-json\/wp\/v2\/tags?post=28933"}],"curies":[{"name":"wp","href":"https:\/\/api.w.org\/{rel}","templated":true}]}}