{"id":29229,"date":"2023-12-04T14:47:04","date_gmt":"2023-12-04T17:47:04","guid":{"rendered":"https:\/\/pasionenascenso.com\/?p=29229"},"modified":"2023-12-04T14:47:05","modified_gmt":"2023-12-04T17:47:05","slug":"deportivo-merlo","status":"publish","type":"post","link":"https:\/\/pasionenascenso.com\/index.php\/2023\/12\/04\/deportivo-merlo\/","title":{"rendered":"DEPORTIVO MERLO"},"content":{"rendered":"\n<p>El Charro volvi\u00f3 a los entrenamientos con vistas al armado del futuro plantel 2024.<\/p>\n\n\n\n<p>Uno de los referentes del equipo, Mauro Paj\u00f3n habl\u00f3 en Radio Bunker acerca de su continuidad y las ganas de seguir jugando. &#8220;Me pienso retirar a los 40&#8221; fu\u00e9 una de las respuestas m\u00e1s importantes de la charla.<\/p>\n\n\n\n<figure class=\"wp-block-embed is-type-video is-provider-youtube wp-block-embed-youtube wp-embed-aspect-4-3 wp-has-aspect-ratio\"><div class=\"wp-block-embed__wrapper\">\n<iframe loading=\"lazy\" title=\"MAURO PAJ\u00d3N: &quot;PIENSO RETIRARME A LOS 40&quot;\" width=\"696\" height=\"522\" src=\"https:\/\/www.youtube.com\/embed\/DLqED0h5Wx4?feature=oembed\" frameborder=\"0\" allow=\"accelerometer; autoplay; clipboard-write; encrypted-media; gyroscope; picture-in-picture; web-share\" allowfullscreen><\/iframe>\n<\/div><\/figure>\n","protected":false},"excerpt":{"rendered":"<p>El Charro volvi\u00f3 a los entrenamientos con vistas al armado del futuro plantel 2024. Uno de los referentes del equipo, Mauro Paj\u00f3n habl\u00f3 en Radio Bunker acerca de su continuidad y las ganas de seguir jugando. &#8220;Me pienso retirar a los 40&#8221; fu\u00e9 una de las respuestas m\u00e1s importantes de la charla.<\/p>\n","protected":false},"author":1,"featured_media":29230,"comment_status":"closed","ping_status":"closed","sticky":false,"template":"","format":"standard","meta":{"tdm_status":"","tdm_grid_status":"","footnotes":""},"categories":[539],"tags":[538,981,983,982],"class_list":{"0":"post-29229","1":"post","2":"type-post","3":"status-publish","4":"format-standard","5":"has-post-thumbnail","7":"category-deportivo-merlo","8":"tag-deportivo-merlo","9":"tag-el-charro","10":"tag-mauro-pajon","11":"tag-radio-bunker"},"aioseo_notices":[],"aioseo_head":"\n\t\t<!-- All in One SEO 5.0.1.1 - aioseo.com -->\n\t<meta name=\"description\" content=\"El Charro volvi\u00f3 a los entrenamientos con vistas al armado del futuro plantel 2024. Uno de los referentes del equipo, Mauro Paj\u00f3n habl\u00f3 en Radio Bunker acerca de su continuidad y las ganas de seguir jugando. &quot;Me pienso retirar a los 40&quot; fu\u00e9 una de las respuestas m\u00e1s importantes de la charla.\" \/>\n\t<meta name=\"robots\" content=\"max-image-preview:large\" \/>\n\t<meta name=\"author\" content=\"encartamedios@gmail.com\"\/>\n\t<link rel=\"canonical\" href=\"https:\/\/pasionenascenso.com\/index.php\/2023\/12\/04\/deportivo-merlo\/\" \/>\n\t<meta name=\"generator\" content=\"All in One SEO (AIOSEO) 5.0.1.1\" \/>\n\t\t<meta property=\"og:locale\" content=\"es_ES\" \/>\n\t\t<meta property=\"og:site_name\" content=\"pasionenascenso.com -\" \/>\n\t\t<meta property=\"og:type\" content=\"article\" \/>\n\t\t<meta property=\"og:title\" content=\"DEPORTIVO MERLO - pasionenascenso.com\" \/>\n\t\t<meta property=\"og:description\" content=\"El Charro volvi\u00f3 a los entrenamientos con vistas al armado del futuro plantel 2024. Uno de los referentes del equipo, Mauro Paj\u00f3n habl\u00f3 en Radio Bunker acerca de su continuidad y las ganas de seguir jugando. &quot;Me pienso retirar a los 40&quot; fu\u00e9 una de las respuestas m\u00e1s importantes de la charla.\" \/>\n\t\t<meta property=\"og:url\" content=\"https:\/\/pasionenascenso.com\/index.php\/2023\/12\/04\/deportivo-merlo\/\" \/>\n\t\t<meta property=\"article:published_time\" content=\"2023-12-04T17:47:04+00:00\" \/>\n\t\t<meta property=\"article:modified_time\" content=\"2023-12-04T17:47:05+00:00\" \/>\n\t\t<meta name=\"twitter:card\" content=\"summary_large_image\" \/>\n\t\t<meta name=\"twitter:title\" content=\"DEPORTIVO MERLO - pasionenascenso.com\" \/>\n\t\t<meta name=\"twitter:description\" content=\"El Charro volvi\u00f3 a los entrenamientos con vistas al armado del futuro plantel 2024. Uno de los referentes del equipo, Mauro Paj\u00f3n habl\u00f3 en Radio Bunker acerca de su continuidad y las ganas de seguir jugando. &quot;Me pienso retirar a los 40&quot; fu\u00e9 una de las respuestas m\u00e1s importantes de la charla.\" \/>\n\t\t<script type=\"application\/ld+json\" class=\"aioseo-schema\">\n\t\t\t{\"@context\":\"https:\\\/\\\/schema.org\",\"@graph\":[{\"@type\":\"BlogPosting\",\"@id\":\"https:\\\/\\\/pasionenascenso.com\\\/index.php\\\/2023\\\/12\\\/04\\\/deportivo-merlo\\\/#blogposting\",\"name\":\"DEPORTIVO MERLO - pasionenascenso.com\",\"headline\":\"DEPORTIVO MERLO\",\"author\":{\"@id\":\"https:\\\/\\\/pasionenascenso.com\\\/index.php\\\/author\\\/encartamediosgmail-com\\\/#author\"},\"publisher\":{\"@id\":\"https:\\\/\\\/pasionenascenso.com\\\/#organization\"},\"image\":{\"@type\":\"ImageObject\",\"url\":\"https:\\\/\\\/pasionenascenso.com\\\/wp-content\\\/uploads\\\/2023\\\/12\\\/684b3df5-6057-48df-9d1b-dd400077c2f1.jpg\",\"width\":1080,\"height\":1345},\"datePublished\":\"2023-12-04T14:47:04-03:00\",\"dateModified\":\"2023-12-04T14:47:05-03:00\",\"inLanguage\":\"es-AR\",\"mainEntityOfPage\":{\"@id\":\"https:\\\/\\\/pasionenascenso.com\\\/index.php\\\/2023\\\/12\\\/04\\\/deportivo-merlo\\\/#webpage\"},\"isPartOf\":{\"@id\":\"https:\\\/\\\/pasionenascenso.com\\\/index.php\\\/2023\\\/12\\\/04\\\/deportivo-merlo\\\/#webpage\"},\"articleSection\":\"Deportivo Merlo, deportivo merlo, El Charro, Mauro Pajon, Radio Bunker\"},{\"@type\":\"BreadcrumbList\",\"@id\":\"https:\\\/\\\/pasionenascenso.com\\\/index.php\\\/2023\\\/12\\\/04\\\/deportivo-merlo\\\/#breadcrumblist\",\"itemListElement\":[{\"@type\":\"ListItem\",\"@id\":\"https:\\\/\\\/pasionenascenso.com#listItem\",\"position\":1,\"name\":\"Home\",\"item\":\"https:\\\/\\\/pasionenascenso.com\",\"nextItem\":{\"@type\":\"ListItem\",\"@id\":\"https:\\\/\\\/pasionenascenso.com\\\/index.php\\\/category\\\/deportivo-merlo\\\/#listItem\",\"name\":\"Deportivo Merlo\"}},{\"@type\":\"ListItem\",\"@id\":\"https:\\\/\\\/pasionenascenso.com\\\/index.php\\\/category\\\/deportivo-merlo\\\/#listItem\",\"position\":2,\"name\":\"Deportivo Merlo\",\"item\":\"https:\\\/\\\/pasionenascenso.com\\\/index.php\\\/category\\\/deportivo-merlo\\\/\",\"nextItem\":{\"@type\":\"ListItem\",\"@id\":\"https:\\\/\\\/pasionenascenso.com\\\/index.php\\\/2023\\\/12\\\/04\\\/deportivo-merlo\\\/#listItem\",\"name\":\"DEPORTIVO MERLO\"},\"previousItem\":{\"@type\":\"ListItem\",\"@id\":\"https:\\\/\\\/pasionenascenso.com#listItem\",\"name\":\"Home\"}},{\"@type\":\"ListItem\",\"@id\":\"https:\\\/\\\/pasionenascenso.com\\\/index.php\\\/2023\\\/12\\\/04\\\/deportivo-merlo\\\/#listItem\",\"position\":3,\"name\":\"DEPORTIVO MERLO\",\"previousItem\":{\"@type\":\"ListItem\",\"@id\":\"https:\\\/\\\/pasionenascenso.com\\\/index.php\\\/category\\\/deportivo-merlo\\\/#listItem\",\"name\":\"Deportivo Merlo\"}}]},{\"@type\":\"Organization\",\"@id\":\"https:\\\/\\\/pasionenascenso.com\\\/#organization\",\"name\":\"pasionenascenso.com\",\"url\":\"https:\\\/\\\/pasionenascenso.com\\\/\"},{\"@type\":\"Person\",\"@id\":\"https:\\\/\\\/pasionenascenso.com\\\/index.php\\\/author\\\/encartamediosgmail-com\\\/#author\",\"url\":\"https:\\\/\\\/pasionenascenso.com\\\/index.php\\\/author\\\/encartamediosgmail-com\\\/\",\"name\":\"encartamedios@gmail.com\",\"image\":{\"@type\":\"ImageObject\",\"@id\":\"https:\\\/\\\/pasionenascenso.com\\\/index.php\\\/2023\\\/12\\\/04\\\/deportivo-merlo\\\/#authorImage\",\"url\":\"https:\\\/\\\/secure.gravatar.com\\\/avatar\\\/35e5479a44e4f8600a487931872cb5ed25e559821b3190ac21e2623ea0ba7808?s=96&d=blank&r=g\",\"width\":96,\"height\":96,\"caption\":\"encartamedios@gmail.com\"}},{\"@type\":\"WebPage\",\"@id\":\"https:\\\/\\\/pasionenascenso.com\\\/index.php\\\/2023\\\/12\\\/04\\\/deportivo-merlo\\\/#webpage\",\"url\":\"https:\\\/\\\/pasionenascenso.com\\\/index.php\\\/2023\\\/12\\\/04\\\/deportivo-merlo\\\/\",\"name\":\"DEPORTIVO MERLO - pasionenascenso.com\",\"description\":\"El Charro volvi\\u00f3 a los entrenamientos con vistas al armado del futuro plantel 2024. Uno de los referentes del equipo, Mauro Paj\\u00f3n habl\\u00f3 en Radio Bunker acerca de su continuidad y las ganas de seguir jugando. \\\"Me pienso retirar a los 40\\\" fu\\u00e9 una de las respuestas m\\u00e1s importantes de la charla.\",\"inLanguage\":\"es-AR\",\"isPartOf\":{\"@id\":\"https:\\\/\\\/pasionenascenso.com\\\/#website\"},\"breadcrumb\":{\"@id\":\"https:\\\/\\\/pasionenascenso.com\\\/index.php\\\/2023\\\/12\\\/04\\\/deportivo-merlo\\\/#breadcrumblist\"},\"author\":{\"@id\":\"https:\\\/\\\/pasionenascenso.com\\\/index.php\\\/author\\\/encartamediosgmail-com\\\/#author\"},\"creator\":{\"@id\":\"https:\\\/\\\/pasionenascenso.com\\\/index.php\\\/author\\\/encartamediosgmail-com\\\/#author\"},\"image\":{\"@type\":\"ImageObject\",\"url\":\"https:\\\/\\\/pasionenascenso.com\\\/wp-content\\\/uploads\\\/2023\\\/12\\\/684b3df5-6057-48df-9d1b-dd400077c2f1.jpg\",\"@id\":\"https:\\\/\\\/pasionenascenso.com\\\/index.php\\\/2023\\\/12\\\/04\\\/deportivo-merlo\\\/#mainImage\",\"width\":1080,\"height\":1345},\"primaryImageOfPage\":{\"@id\":\"https:\\\/\\\/pasionenascenso.com\\\/index.php\\\/2023\\\/12\\\/04\\\/deportivo-merlo\\\/#mainImage\"},\"datePublished\":\"2023-12-04T14:47:04-03:00\",\"dateModified\":\"2023-12-04T14:47:05-03:00\"},{\"@type\":\"WebSite\",\"@id\":\"https:\\\/\\\/pasionenascenso.com\\\/#website\",\"url\":\"https:\\\/\\\/pasionenascenso.com\\\/\",\"name\":\"pasionenascenso.com\",\"inLanguage\":\"es-AR\",\"publisher\":{\"@id\":\"https:\\\/\\\/pasionenascenso.com\\\/#organization\"}}]}\n\t\t<\/script>\n\t\t<!-- All in One SEO -->\n\n","aioseo_head_json":{"title":"DEPORTIVO MERLO - pasionenascenso.com","description":"El Charro volvi\u00f3 a los entrenamientos con vistas al armado del futuro plantel 2024. Uno de los referentes del equipo, Mauro Paj\u00f3n habl\u00f3 en Radio Bunker acerca de su continuidad y las ganas de seguir jugando. \"Me pienso retirar a los 40\" fu\u00e9 una de las respuestas m\u00e1s importantes de la charla.","canonical_url":"https:\/\/pasionenascenso.com\/index.php\/2023\/12\/04\/deportivo-merlo\/","robots":"max-image-preview:large","keywords":"","webmasterTools":{"miscellaneous":""},"schema":{"@context":"https:\/\/schema.org","@graph":[{"@type":"BlogPosting","@id":"https:\/\/pasionenascenso.com\/index.php\/2023\/12\/04\/deportivo-merlo\/#blogposting","name":"DEPORTIVO MERLO - pasionenascenso.com","headline":"DEPORTIVO MERLO","author":{"@id":"https:\/\/pasionenascenso.com\/index.php\/author\/encartamediosgmail-com\/#author"},"publisher":{"@id":"https:\/\/pasionenascenso.com\/#organization"},"image":{"@type":"ImageObject","url":"https:\/\/pasionenascenso.com\/wp-content\/uploads\/2023\/12\/684b3df5-6057-48df-9d1b-dd400077c2f1.jpg","width":1080,"height":1345},"datePublished":"2023-12-04T14:47:04-03:00","dateModified":"2023-12-04T14:47:05-03:00","inLanguage":"es-AR","mainEntityOfPage":{"@id":"https:\/\/pasionenascenso.com\/index.php\/2023\/12\/04\/deportivo-merlo\/#webpage"},"isPartOf":{"@id":"https:\/\/pasionenascenso.com\/index.php\/2023\/12\/04\/deportivo-merlo\/#webpage"},"articleSection":"Deportivo Merlo, deportivo merlo, El Charro, Mauro Pajon, Radio Bunker"},{"@type":"BreadcrumbList","@id":"https:\/\/pasionenascenso.com\/index.php\/2023\/12\/04\/deportivo-merlo\/#breadcrumblist","itemListElement":[{"@type":"ListItem","@id":"https:\/\/pasionenascenso.com#listItem","position":1,"name":"Home","item":"https:\/\/pasionenascenso.com","nextItem":{"@type":"ListItem","@id":"https:\/\/pasionenascenso.com\/index.php\/category\/deportivo-merlo\/#listItem","name":"Deportivo Merlo"}},{"@type":"ListItem","@id":"https:\/\/pasionenascenso.com\/index.php\/category\/deportivo-merlo\/#listItem","position":2,"name":"Deportivo Merlo","item":"https:\/\/pasionenascenso.com\/index.php\/category\/deportivo-merlo\/","nextItem":{"@type":"ListItem","@id":"https:\/\/pasionenascenso.com\/index.php\/2023\/12\/04\/deportivo-merlo\/#listItem","name":"DEPORTIVO MERLO"},"previousItem":{"@type":"ListItem","@id":"https:\/\/pasionenascenso.com#listItem","name":"Home"}},{"@type":"ListItem","@id":"https:\/\/pasionenascenso.com\/index.php\/2023\/12\/04\/deportivo-merlo\/#listItem","position":3,"name":"DEPORTIVO MERLO","previousItem":{"@type":"ListItem","@id":"https:\/\/pasionenascenso.com\/index.php\/category\/deportivo-merlo\/#listItem","name":"Deportivo Merlo"}}]},{"@type":"Organization","@id":"https:\/\/pasionenascenso.com\/#organization","name":"pasionenascenso.com","url":"https:\/\/pasionenascenso.com\/"},{"@type":"Person","@id":"https:\/\/pasionenascenso.com\/index.php\/author\/encartamediosgmail-com\/#author","url":"https:\/\/pasionenascenso.com\/index.php\/author\/encartamediosgmail-com\/","name":"encartamedios@gmail.com","image":{"@type":"ImageObject","@id":"https:\/\/pasionenascenso.com\/index.php\/2023\/12\/04\/deportivo-merlo\/#authorImage","url":"https:\/\/secure.gravatar.com\/avatar\/35e5479a44e4f8600a487931872cb5ed25e559821b3190ac21e2623ea0ba7808?s=96&d=blank&r=g","width":96,"height":96,"caption":"encartamedios@gmail.com"}},{"@type":"WebPage","@id":"https:\/\/pasionenascenso.com\/index.php\/2023\/12\/04\/deportivo-merlo\/#webpage","url":"https:\/\/pasionenascenso.com\/index.php\/2023\/12\/04\/deportivo-merlo\/","name":"DEPORTIVO MERLO - pasionenascenso.com","description":"El Charro volvi\u00f3 a los entrenamientos con vistas al armado del futuro plantel 2024. Uno de los referentes del equipo, Mauro Paj\u00f3n habl\u00f3 en Radio Bunker acerca de su continuidad y las ganas de seguir jugando. \"Me pienso retirar a los 40\" fu\u00e9 una de las respuestas m\u00e1s importantes de la charla.","inLanguage":"es-AR","isPartOf":{"@id":"https:\/\/pasionenascenso.com\/#website"},"breadcrumb":{"@id":"https:\/\/pasionenascenso.com\/index.php\/2023\/12\/04\/deportivo-merlo\/#breadcrumblist"},"author":{"@id":"https:\/\/pasionenascenso.com\/index.php\/author\/encartamediosgmail-com\/#author"},"creator":{"@id":"https:\/\/pasionenascenso.com\/index.php\/author\/encartamediosgmail-com\/#author"},"image":{"@type":"ImageObject","url":"https:\/\/pasionenascenso.com\/wp-content\/uploads\/2023\/12\/684b3df5-6057-48df-9d1b-dd400077c2f1.jpg","@id":"https:\/\/pasionenascenso.com\/index.php\/2023\/12\/04\/deportivo-merlo\/#mainImage","width":1080,"height":1345},"primaryImageOfPage":{"@id":"https:\/\/pasionenascenso.com\/index.php\/2023\/12\/04\/deportivo-merlo\/#mainImage"},"datePublished":"2023-12-04T14:47:04-03:00","dateModified":"2023-12-04T14:47:05-03:00"},{"@type":"WebSite","@id":"https:\/\/pasionenascenso.com\/#website","url":"https:\/\/pasionenascenso.com\/","name":"pasionenascenso.com","inLanguage":"es-AR","publisher":{"@id":"https:\/\/pasionenascenso.com\/#organization"}}]},"og:locale":"es_ES","og:site_name":"pasionenascenso.com -","og:type":"article","og:title":"DEPORTIVO MERLO - pasionenascenso.com","og:description":"El Charro volvi\u00f3 a los entrenamientos con vistas al armado del futuro plantel 2024. Uno de los referentes del equipo, Mauro Paj\u00f3n habl\u00f3 en Radio Bunker acerca de su continuidad y las ganas de seguir jugando. &quot;Me pienso retirar a los 40&quot; fu\u00e9 una de las respuestas m\u00e1s importantes de la charla.","og:url":"https:\/\/pasionenascenso.com\/index.php\/2023\/12\/04\/deportivo-merlo\/","article:published_time":"2023-12-04T17:47:04+00:00","article:modified_time":"2023-12-04T17:47:05+00:00","twitter:card":"summary_large_image","twitter:title":"DEPORTIVO MERLO - pasionenascenso.com","twitter:description":"El Charro volvi\u00f3 a los entrenamientos con vistas al armado del futuro plantel 2024. Uno de los referentes del equipo, Mauro Paj\u00f3n habl\u00f3 en Radio Bunker acerca de su continuidad y las ganas de seguir jugando. &quot;Me pienso retirar a los 40&quot; fu\u00e9 una de las respuestas m\u00e1s importantes de la charla."},"aioseo_meta_data":{"post_id":"29229","title":null,"description":null,"keywords":[],"keyphrases":{"focus":{"keyphrase":"","score":0,"analysis":{"keyphraseInTitle":{"score":0,"maxScore":9,"error":1}}},"additional":[]},"primary_term":null,"canonical_url":null,"og_title":null,"og_description":null,"og_object_type":"default","og_image_type":"default","og_image_url":null,"og_image_width":null,"og_image_height":null,"og_image_custom_url":null,"og_image_custom_fields":null,"og_video":"","og_custom_url":null,"og_article_section":null,"og_article_tags":[],"twitter_use_og":false,"twitter_card":"default","twitter_image_type":"default","twitter_image_url":null,"twitter_image_custom_url":null,"twitter_image_custom_fields":null,"twitter_title":null,"twitter_description":null,"schema":{"blockGraphs":[],"customGraphs":[],"default":{"data":{"Article":[],"Course":[],"Dataset":[],"FAQPage":[],"Movie":[],"Person":[],"Product":[],"ProductReview":[],"Car":[],"Recipe":[],"Service":[],"SoftwareApplication":[],"WebPage":[]},"graphName":"BlogPosting","isEnabled":true},"graphs":[]},"schema_type":"default","schema_type_options":null,"pillar_content":false,"robots_default":true,"robots_noindex":false,"robots_noarchive":false,"robots_nosnippet":false,"robots_nofollow":false,"robots_noimageindex":false,"robots_noodp":false,"robots_notranslate":false,"robots_max_snippet":"-1","robots_max_videopreview":"-1","robots_max_imagepreview":"large","priority":null,"frequency":"default","local_seo":null,"breadcrumb_settings":null,"limit_modified_date":false,"ai":null,"created":"2023-12-04 17:47:05","updated":"2025-06-04 17:28:54","seo_analyzer_scan_date":null,"focus_keyword":null,"additional_keywords":null,"truseo_locale":null},"aioseo_breadcrumb":"<div class=\"aioseo-breadcrumbs\"><span class=\"aioseo-breadcrumb\">\n\t\t\t<a href=\"https:\/\/pasionenascenso.com\" title=\"Home\">Home<\/a>\n\t\t<\/span><span class=\"aioseo-breadcrumb-separator\">&raquo;<\/span><span class=\"aioseo-breadcrumb\">\n\t\t\t<a href=\"https:\/\/pasionenascenso.com\/index.php\/category\/deportivo-merlo\/\" title=\"Deportivo Merlo\">Deportivo Merlo<\/a>\n\t\t<\/span><span class=\"aioseo-breadcrumb-separator\">&raquo;<\/span><span class=\"aioseo-breadcrumb\">\n\t\t\tDEPORTIVO MERLO\n\t\t<\/span><\/div>","aioseo_breadcrumb_json":[{"label":"Home","link":"https:\/\/pasionenascenso.com"},{"label":"Deportivo Merlo","link":"https:\/\/pasionenascenso.com\/index.php\/category\/deportivo-merlo\/"},{"label":"DEPORTIVO MERLO","link":"https:\/\/pasionenascenso.com\/index.php\/2023\/12\/04\/deportivo-merlo\/"}],"jetpack_featured_media_url":"https:\/\/pasionenascenso.com\/wp-content\/uploads\/2023\/12\/684b3df5-6057-48df-9d1b-dd400077c2f1.jpg","_links":{"self":[{"href":"https:\/\/pasionenascenso.com\/index.php\/wp-json\/wp\/v2\/posts\/29229","targetHints":{"allow":["GET"]}}],"collection":[{"href":"https:\/\/pasionenascenso.com\/index.php\/wp-json\/wp\/v2\/posts"}],"about":[{"href":"https:\/\/pasionenascenso.com\/index.php\/wp-json\/wp\/v2\/types\/post"}],"author":[{"embeddable":true,"href":"https:\/\/pasionenascenso.com\/index.php\/wp-json\/wp\/v2\/users\/1"}],"replies":[{"embeddable":true,"href":"https:\/\/pasionenascenso.com\/index.php\/wp-json\/wp\/v2\/comments?post=29229"}],"version-history":[{"count":1,"href":"https:\/\/pasionenascenso.com\/index.php\/wp-json\/wp\/v2\/posts\/29229\/revisions"}],"predecessor-version":[{"id":29231,"href":"https:\/\/pasionenascenso.com\/index.php\/wp-json\/wp\/v2\/posts\/29229\/revisions\/29231"}],"wp:featuredmedia":[{"embeddable":true,"href":"https:\/\/pasionenascenso.com\/index.php\/wp-json\/wp\/v2\/media\/29230"}],"wp:attachment":[{"href":"https:\/\/pasionenascenso.com\/index.php\/wp-json\/wp\/v2\/media?parent=29229"}],"wp:term":[{"taxonomy":"category","embeddable":true,"href":"https:\/\/pasionenascenso.com\/index.php\/wp-json\/wp\/v2\/categories?post=29229"},{"taxonomy":"post_tag","embeddable":true,"href":"https:\/\/pasionenascenso.com\/index.php\/wp-json\/wp\/v2\/tags?post=29229"}],"curies":[{"name":"wp","href":"https:\/\/api.w.org\/{rel}","templated":true}]}}