{"id":29327,"date":"2025-06-20T19:12:31","date_gmt":"2025-06-20T22:12:31","guid":{"rendered":"https:\/\/pasionenascenso.com\/?p=29327"},"modified":"2025-07-07T19:15:25","modified_gmt":"2025-07-07T22:15:25","slug":"guido-ferrara-habla-de-su-debut-en-merlo","status":"publish","type":"post","link":"https:\/\/pasionenascenso.com\/index.php\/2025\/06\/20\/guido-ferrara-habla-de-su-debut-en-merlo\/","title":{"rendered":"GUIDO FERRARA HABLA DE SU DEBUT EN MERLO"},"content":{"rendered":"\n<p>Deportivo Merlo perdi\u00f3 el lunes pasado en su visita a Soldati frente a Sacachispas 2 a 0.<\/p>\n\n\n\n<p>El equipo del Parque San Mart\u00edn, no tuvo una buena actuaci\u00f3n y se volvi\u00f3 al Oeste con las manos vac\u00edas.<\/p>\n\n\n\n<p>Pero para su arquero Guido Ferrara, no fu\u00e9 un partido m\u00e1s, \u00e9ste encuentro marc\u00f3 su debut en primera divisi\u00f3n.<\/p>\n\n\n\n<p>Hablamos con \u00e9l, en nuestro programa, y nos cont\u00f3 su experiencia en un d\u00eda donde quedar\u00e1 en el recuerdo.<\/p>\n\n\n\n<p>Escuch\u00e1 la nota completa ac\u00e1:<\/p>\n\n\n\n<figure class=\"wp-block-embed is-type-video is-provider-youtube wp-block-embed-youtube wp-embed-aspect-4-3 wp-has-aspect-ratio\"><div class=\"wp-block-embed__wrapper\">\n<iframe loading=\"lazy\" title=\"Guido Ferrara debut\u00f3 en la primera del Charro.\" width=\"696\" height=\"522\" src=\"https:\/\/www.youtube.com\/embed\/IZ4TUsdvubY?feature=oembed\" frameborder=\"0\" allow=\"accelerometer; autoplay; clipboard-write; encrypted-media; gyroscope; picture-in-picture; web-share\" referrerpolicy=\"strict-origin-when-cross-origin\" allowfullscreen><\/iframe>\n<\/div><\/figure>\n","protected":false},"excerpt":{"rendered":"<p>Deportivo Merlo perdi\u00f3 el lunes pasado en su visita a Soldati frente a Sacachispas 2 a 0. El equipo del Parque San Mart\u00edn, no tuvo una buena actuaci\u00f3n y se volvi\u00f3 al Oeste con las manos vac\u00edas. Pero para su arquero Guido Ferrara, no fu\u00e9 un partido m\u00e1s, \u00e9ste encuentro marc\u00f3 su debut en primera [&hellip;]<\/p>\n","protected":false},"author":1,"featured_media":29328,"comment_status":"closed","ping_status":"closed","sticky":false,"template":"","format":"standard","meta":{"tdm_status":"","tdm_grid_status":"","footnotes":""},"categories":[539],"tags":[49,538,77],"class_list":{"0":"post-29327","1":"post","2":"type-post","3":"status-publish","4":"format-standard","5":"has-post-thumbnail","7":"category-deportivo-merlo","8":"tag-deportes","9":"tag-deportivo-merlo","10":"tag-merlo"},"aioseo_notices":[],"jetpack_featured_media_url":"https:\/\/pasionenascenso.com\/wp-content\/uploads\/2025\/07\/WhatsApp-Image-2025-07-07-at-18.49.25.jpeg","_links":{"self":[{"href":"https:\/\/pasionenascenso.com\/index.php\/wp-json\/wp\/v2\/posts\/29327","targetHints":{"allow":["GET"]}}],"collection":[{"href":"https:\/\/pasionenascenso.com\/index.php\/wp-json\/wp\/v2\/posts"}],"about":[{"href":"https:\/\/pasionenascenso.com\/index.php\/wp-json\/wp\/v2\/types\/post"}],"author":[{"embeddable":true,"href":"https:\/\/pasionenascenso.com\/index.php\/wp-json\/wp\/v2\/users\/1"}],"replies":[{"embeddable":true,"href":"https:\/\/pasionenascenso.com\/index.php\/wp-json\/wp\/v2\/comments?post=29327"}],"version-history":[{"count":1,"href":"https:\/\/pasionenascenso.com\/index.php\/wp-json\/wp\/v2\/posts\/29327\/revisions"}],"predecessor-version":[{"id":29329,"href":"https:\/\/pasionenascenso.com\/index.php\/wp-json\/wp\/v2\/posts\/29327\/revisions\/29329"}],"wp:featuredmedia":[{"embeddable":true,"href":"https:\/\/pasionenascenso.com\/index.php\/wp-json\/wp\/v2\/media\/29328"}],"wp:attachment":[{"href":"https:\/\/pasionenascenso.com\/index.php\/wp-json\/wp\/v2\/media?parent=29327"}],"wp:term":[{"taxonomy":"category","embeddable":true,"href":"https:\/\/pasionenascenso.com\/index.php\/wp-json\/wp\/v2\/categories?post=29327"},{"taxonomy":"post_tag","embeddable":true,"href":"https:\/\/pasionenascenso.com\/index.php\/wp-json\/wp\/v2\/tags?post=29327"}],"curies":[{"name":"wp","href":"https:\/\/api.w.org\/{rel}","templated":true}]}}